{"id":2229,"date":"2025-12-04T15:51:43","date_gmt":"2025-12-04T14:51:43","guid":{"rendered":"https:\/\/admixtio.com\/que-hi-ha-darrere-dun-ingredient-actiu-del-cultiu-a-levidencia-funcional\/"},"modified":"2025-12-04T15:51:43","modified_gmt":"2025-12-04T14:51:43","slug":"que-hi-ha-darrere-dun-ingredient-actiu-del-cultiu-a-levidencia-funcional","status":"publish","type":"post","link":"https:\/\/admixtio.com\/ca\/que-hi-ha-darrere-dun-ingredient-actiu-del-cultiu-a-levidencia-funcional\/","title":{"rendered":"Qu\u00e8 hi ha darrere d&#8217;un ingredient actiu? Del cultiu a l&#8217;evid\u00e8ncia funcional"},"content":{"rendered":"<p><img loading=\"lazy\" decoding=\"async\" class=\"wp-image-2223 aligncenter\" src=\"https:\/\/admixtio.com\/wp-content\/uploads\/2025\/12\/ingredientes-activos-web-300x200.webp\" alt=\"\" width=\"495\" height=\"330\" \/> \u00a0<\/p>\n<div class=\"flex flex-1 grow basis-auto flex-col overflow-hidden\">\n<div class=\"relative h-full\">\n<div class=\"flex h-full flex-col overflow-y-auto [scrollbar-gutter:stable]\">\n<div class=\"@thread-xl\/thread:pt-header-height mt-1.5 flex flex-col text-sm md:pb-9\">\n<article class=\"text-token-text-primary w-full\" dir=\"auto\" data-testid=\"conversation-turn-4\" data-scroll-anchor=\"true\">\n<div class=\"text-base my-auto mx-auto py-5 px-6\">\n<div class=\"mx-auto flex flex-1 text-base gap-4 md:gap-5 lg:gap-6 md:max-w-3xl group\/turn-messages focus-visible:outline-hidden\" tabindex=\"-1\">\n<div class=\"group\/conversation-turn relative flex w-full min-w-0 flex-col agent-turn @xs\/thread:px-0 @sm\/thread:px-1.5 @md\/thread:px-4\">\n<div class=\"relative flex-col gap-1 md:gap-3\">\n<div class=\"flex max-w-full flex-col grow\">\n<div class=\"min-h-8 text-message relative flex w-full flex-col items-end gap-2 text-start break-words whitespace-normal [.text-message+&amp;]:mt-5\" dir=\"auto\" data-message-author-role=\"assistant\" data-message-id=\"a1feac6c-23ac-4f7d-b111-a0bd8af53971\" data-message-model-slug=\"gpt-4o\">\n<div class=\"flex w-full flex-col gap-1 empty:hidden first:pt-[3px]\">\u00a0<\/div>\n<\/div>\n<\/div>\n<\/div>\n<\/div>\n<\/div>\n<\/div>\n<\/article>\n<\/div>\n<\/div>\n<\/div>\n<\/div>\n<div class=\"isolate w-full basis-auto has-data-has-thread-error:pt-2 has-data-has-thread-error:[box-shadow:var(--sharp-edge-bottom-shadow)] md:border-transparent md:pt-0 dark:border-white\/20 md:dark:border-transparent flex flex-col\">\n<div class=\"text-base mx-auto px-3 md:px-4 w-full md:px-5 lg:px-4 xl:px-5\">\n<div class=\"mx-auto flex flex-1 text-base gap-4 md:gap-5 lg:gap-6 md:max-w-3xl\">\n<div class=\"relative z-1 flex max-w-full flex-1 flex-col h-full max-xs:[--force-hide-label:none]\" aria-haspopup=\"dialog\" aria-expanded=\"false\" aria-controls=\"radix-:R7khioukkt995j5:\" data-state=\"closed\">\n<form class=\"w-full [view-transition-name:var(--vt-composer)]\" data-type=\"unified-composer\">\n<p data-start=\"155\" data-end=\"377\">En el m\u00f3n de la cosm\u00e8tica, la nutrici\u00f3 i la deterg\u00e8ncia, el terme <em data-start=\"221\" data-end=\"239\">ingredient actiu<\/em> s\u2019ha convertit en un reclam habitual. Per\u00f2 sabem realment qu\u00e8 implica aquest concepte des del punt de vista t\u00e8cnic, funcional i normatiu?<\/p>\n<p data-start=\"379\" data-end=\"567\">En aquest article abordem qu\u00e8 defineix un ingredient com a \u201cactiu\u201d, quins factors en determinen l\u2019efic\u00e0cia i qu\u00e8 han de tenir en compte les marques per utilitzar-lo amb rigor i coher\u00e8ncia.<\/p>\n<h3 data-start=\"574\" data-end=\"612\"><strong data-start=\"581\" data-end=\"612\">Qu\u00e8 \u00e9s un ingredient actiu?<\/strong><\/h3>\n<p data-start=\"614\" data-end=\"849\">Un ingredient actiu \u00e9s aquell component d\u2019una f\u00f3rmula que exerceix una funci\u00f3 espec\u00edfica sobre la pell, l\u2019organisme o una superf\u00edcie, i que s\u2019incorpora amb una finalitat concreta m\u00e9s enll\u00e0 de les propietats organol\u00e8ptiques o de suport.<\/p>\n<ul data-start=\"851\" data-end=\"1224\">\n<li data-start=\"851\" data-end=\"955\">\n<p data-start=\"853\" data-end=\"955\">En <strong data-start=\"856\" data-end=\"869\">cosm\u00e8tica<\/strong>, pot ser hidratant, antiinflamatori, antioxidant, seborregulador, despigmentant, etc.<\/p>\n<\/li>\n<li data-start=\"956\" data-end=\"1103\">\n<p data-start=\"958\" data-end=\"1103\">En <strong data-start=\"961\" data-end=\"973\">nutrici\u00f3<\/strong>, pot contribuir a modular el sistema immune, millorar la digesti\u00f3, aportar nutrients essencials o afavorir l\u2019equilibri metab\u00f2lic.<\/p>\n<\/li>\n<li data-start=\"1104\" data-end=\"1224\">\n<p data-start=\"1106\" data-end=\"1224\">En <strong data-start=\"1109\" data-end=\"1124\">deterg\u00e8ncia<\/strong>, pot ser una enzima que degradi taques, un agent desgreixant espec\u00edfic, un blanquejador \u00f2ptic, etc.<\/p>\n<\/li>\n<\/ul>\n<p data-start=\"1226\" data-end=\"1339\">El que defineix un actiu <strong data-start=\"1251\" data-end=\"1290\">no \u00e9s el seu origen ni la seva fama<\/strong>, sin\u00f3 <strong data-start=\"1297\" data-end=\"1338\">la seva funci\u00f3 demostrada i mesurable<\/strong>.<\/p>\n<h3 data-start=\"1346\" data-end=\"1397\"><strong data-start=\"1353\" data-end=\"1397\">Com es demostra que un actiu \u201cfunciona\u201d?<\/strong><\/h3>\n<p data-start=\"1399\" data-end=\"1515\">Per considerar un ingredient com a actiu, ha de comptar amb <strong data-start=\"1459\" data-end=\"1479\">dades d\u2019efic\u00e0cia<\/strong>. Aquesta evid\u00e8ncia pot provenir de:<\/p>\n<ul data-start=\"1517\" data-end=\"1741\">\n<li data-start=\"1517\" data-end=\"1590\">\n<p data-start=\"1519\" data-end=\"1590\"><strong data-start=\"1519\" data-end=\"1539\">Estudis in vitro<\/strong> (en c\u00e8l\u00b7lules, teixits, models de pell artificial)<\/p>\n<\/li>\n<li data-start=\"1591\" data-end=\"1636\">\n<p data-start=\"1593\" data-end=\"1636\"><strong data-start=\"1593\" data-end=\"1636\">Assaigs cl\u00ednics o estudis en voluntaris<\/strong><\/p>\n<\/li>\n<li data-start=\"1637\" data-end=\"1678\">\n<p data-start=\"1639\" data-end=\"1678\"><strong data-start=\"1639\" data-end=\"1678\">Publicacions cient\u00edfiques revisades<\/strong><\/p>\n<\/li>\n<li data-start=\"1679\" data-end=\"1741\">\n<p data-start=\"1681\" data-end=\"1741\"><strong data-start=\"1681\" data-end=\"1741\">Certificacions externes o informes t\u00e8cnics del prove\u00efdor<\/strong><\/p>\n<\/li>\n<\/ul>\n<p data-start=\"1743\" data-end=\"1917\">A m\u00e9s, la concentraci\u00f3 a la f\u00f3rmula ha de ser suficient per exercir aquesta funci\u00f3. Un actiu amb estudis al 2% per\u00f2 utilitzat al 0,1% <strong data-start=\"1877\" data-end=\"1916\">perd valor funcional i credibilitat<\/strong>.<\/p>\n<h3 data-start=\"1924\" data-end=\"1978\"><strong data-start=\"1931\" data-end=\"1978\">Variables que afecten l\u2019efic\u00e0cia d\u2019un actiu<\/strong><\/h3>\n<p data-start=\"1980\" data-end=\"2072\">Encara que un ingredient tingui estudis s\u00f2lids, la seva efic\u00e0cia pot veure\u2019s compromesa per:<\/p>\n<ul data-start=\"2074\" data-end=\"2336\">\n<li data-start=\"2074\" data-end=\"2145\">\n<p data-start=\"2076\" data-end=\"2145\"><strong data-start=\"2076\" data-end=\"2091\">Estabilitat<\/strong> (oxidaci\u00f3, hidr\u00f2lisi, sensibilitat a la llum o al pH)<\/p>\n<\/li>\n<li data-start=\"2146\" data-end=\"2189\">\n<p data-start=\"2148\" data-end=\"2189\"><strong data-start=\"2148\" data-end=\"2189\">Compatibilitat amb altres ingredients<\/strong><\/p>\n<\/li>\n<li data-start=\"2190\" data-end=\"2240\">\n<p data-start=\"2192\" data-end=\"2240\"><strong data-start=\"2192\" data-end=\"2240\">Biodisponibilitat o absorci\u00f3 al teixit diana<\/strong><\/p>\n<\/li>\n<li data-start=\"2241\" data-end=\"2277\">\n<p data-start=\"2243\" data-end=\"2277\"><strong data-start=\"2243\" data-end=\"2277\">Forma qu\u00edmica o grau de puresa<\/strong><\/p>\n<\/li>\n<li data-start=\"2278\" data-end=\"2336\">\n<p data-start=\"2280\" data-end=\"2336\"><strong data-start=\"2280\" data-end=\"2336\">Sistema d\u2019alliberament (encapsulat, liposomes, etc.)<\/strong><\/p>\n<\/li>\n<\/ul>\n<p data-start=\"2338\" data-end=\"2422\">Una mateixa mol\u00e8cula pot tenir efic\u00e0cia molt diferent segons la seva forma o entorn.<\/p>\n<h3 data-start=\"2429\" data-end=\"2482\"><strong data-start=\"2437\" data-end=\"2482\">Qu\u00e8 NO converteix un ingredient en actiu?<\/strong><\/h3>\n<p data-start=\"2484\" data-end=\"2561\">No tot el que sona atractiu \u00e9s t\u00e8cnicament un actiu. Alguns errors habituals:<\/p>\n<ul data-start=\"2563\" data-end=\"2853\">\n<li data-start=\"2563\" data-end=\"2638\">\n<p data-start=\"2565\" data-end=\"2638\">Utilitzar extractes vegetals sense estandarditzaci\u00f3 ni estudis funcionals<\/p>\n<\/li>\n<li data-start=\"2639\" data-end=\"2731\">\n<p data-start=\"2641\" data-end=\"2731\">Afegir ingredients de moda (p. ex., or col\u00b7lo\u00efdal, carb\u00f3 actiu) sense justificaci\u00f3 t\u00e8cnica<\/p>\n<\/li>\n<li data-start=\"2732\" data-end=\"2803\">\n<p data-start=\"2734\" data-end=\"2803\">Presentar aromes, colorants o excipients com a ingredients funcionals<\/p>\n<\/li>\n<li data-start=\"2804\" data-end=\"2853\">\n<p data-start=\"2806\" data-end=\"2853\">Usar dosis simb\u00f2liques sense funcionalitat real<\/p>\n<\/li>\n<\/ul>\n<p data-start=\"2855\" data-end=\"2921\">Recordem: un actiu <strong data-start=\"2874\" data-end=\"2920\">ha de tenir una acci\u00f3 mesurable i validada<\/strong>.<\/p>\n<h3 data-start=\"2928\" data-end=\"2986\"><strong data-start=\"2934\" data-end=\"2986\">Com seleccionar i justificar un ingredient actiu<\/strong><\/h3>\n<p data-start=\"2988\" data-end=\"3148\">Des d\u2019<strong data-start=\"2994\" data-end=\"3006\">Admixtio<\/strong> ajudem els nostres clients a escollir actius amb sentit, alineats amb el seu posicionament, formulaci\u00f3 i claim. La nostra metodologia inclou:<\/p>\n<ul data-start=\"3150\" data-end=\"3396\">\n<li data-start=\"3150\" data-end=\"3200\">\n<p data-start=\"3152\" data-end=\"3200\">Revisi\u00f3 bibliogr\u00e0fica i t\u00e8cnica dels ingredients<\/p>\n<\/li>\n<li data-start=\"3201\" data-end=\"3252\">\n<p data-start=\"3203\" data-end=\"3252\">Verificaci\u00f3 de concentracions efectives i segures<\/p>\n<\/li>\n<li data-start=\"3253\" data-end=\"3292\">\n<p data-start=\"3255\" data-end=\"3292\">Estudi de compatibilitat a la f\u00f3rmula<\/p>\n<\/li>\n<li data-start=\"3293\" data-end=\"3337\">\n<p data-start=\"3295\" data-end=\"3337\">Avaluaci\u00f3 d\u2019estabilitat i perfil sensorial<\/p>\n<\/li>\n<li data-start=\"3338\" data-end=\"3396\">\n<p data-start=\"3340\" data-end=\"3396\">Assessorament per a la narrativa t\u00e8cnica i de m\u00e0rqueting<\/p>\n<\/li>\n<\/ul>\n<h3 data-start=\"3403\" data-end=\"3425\"><strong data-start=\"3410\" data-end=\"3425\">Conclusions<\/strong><\/h3>\n<p data-start=\"3427\" data-end=\"3766\">Un ingredient actiu <strong data-start=\"3447\" data-end=\"3503\">no \u00e9s nom\u00e9s una moda ni un nom atractiu a l\u2019etiqueta<\/strong>. \u00c9s una eina t\u00e8cnica amb una funci\u00f3 espec\u00edfica i clara, que ha d\u2019estar avalada per evid\u00e8ncia i emprada amb responsabilitat. En un mercat cada cop m\u00e9s informat, apostar per la <strong data-start=\"3679\" data-end=\"3729\">transpar\u00e8ncia, l\u2019efic\u00e0cia i el rigor cient\u00edfic<\/strong> \u00e9s la millor estrat\u00e8gia d\u2019innovaci\u00f3.<\/p>\n<h3 data-start=\"3773\" data-end=\"3808\"><strong data-start=\"3780\" data-end=\"3808\">Bibliografia i webgrafia<\/strong><\/h3>\n<ol data-start=\"3810\" data-end=\"4251\">\n<li data-start=\"3810\" data-end=\"3916\">\n<p data-start=\"3813\" data-end=\"3916\"><em data-start=\"3813\" data-end=\"3837\">Cosmetics &amp; Toiletries<\/em>: How to Evaluate Cosmetic Actives<br data-start=\"3871\" data-end=\"3874\" \/><a class=\"decorated-link\" href=\"https:\/\/www.cosmeticsandtoiletries.com\/\" target=\"_new\" rel=\"noopener\" data-start=\"3877\" data-end=\"3916\">https:\/\/www.cosmeticsandtoiletries.com\/<\/a><\/p>\n<\/li>\n<li data-start=\"3918\" data-end=\"4049\">\n<p data-start=\"3921\" data-end=\"4049\"><em data-start=\"3921\" data-end=\"3949\">Food Functionality Journal<\/em>: \u201cBioactives in Functional Nutrition\u201d<br data-start=\"3987\" data-end=\"3990\" \/><a class=\"decorated-link cursor-pointer\" target=\"_new\" rel=\"noopener\" data-start=\"3993\" data-end=\"4049\">https:\/\/www.sciencedirect.com\/journal\/food-functionality<\/a><\/p>\n<\/li>\n<li data-start=\"4051\" data-end=\"4167\">\n<p data-start=\"4054\" data-end=\"4167\"><em data-start=\"4054\" data-end=\"4060\">IJCS<\/em>: \u201cChallenges in Stability of Bioactive Ingredients in Cosmetics\u201d<br data-start=\"4125\" data-end=\"4128\" \/><a class=\"decorated-link cursor-pointer\" target=\"_new\" rel=\"noopener\" data-start=\"4131\" data-end=\"4167\">https:\/\/ijcs.scientific-journal.com\/<\/a><\/p>\n<\/li>\n<li data-start=\"4169\" data-end=\"4251\">\n<p data-start=\"4172\" data-end=\"4251\"><em data-start=\"4172\" data-end=\"4188\">HAPPI Magazine<\/em>: \u201cUnderstanding Detergent Actives\u201d<br data-start=\"4223\" data-end=\"4226\" \/><a class=\"decorated-link\" href=\"https:\/\/www.happi.com\/\" target=\"_new\" rel=\"noopener\" data-start=\"4229\" data-end=\"4251\">https:\/\/www.happi.com\/<\/a><\/p>\n<\/li>\n<\/ol>\n<p data-start=\"4258\" data-end=\"4320\">\u00a0<\/p>\n<p data-start=\"4258\" data-end=\"4320\">Vols seleccionar actius amb evid\u00e8ncia real i diferenciaci\u00f3?<\/p>\n<p data-start=\"4322\" data-end=\"4430\">\ud83d\udce9 <a href=\"https:\/\/admixtio.com\/ca\/contacte\/\">Escriu-nos<\/a>. A <strong data-start=\"4339\" data-end=\"4351\">Admixtio<\/strong> t\u2019ajudem a construir productes funcionals, segurs i amb un relat t\u00e8cnic s\u00f2lid.<\/p>\n<\/form>\n<\/div>\n<\/div>\n<\/div>\n<\/div>\n","protected":false},"excerpt":{"rendered":"<p>\u00a0 \u00a0 En el m\u00f3n de la cosm\u00e8tica, la nutrici\u00f3 i la deterg\u00e8ncia, el terme ingredient actiu s\u2019ha convertit en un reclam habitual. Per\u00f2 sabem realment qu\u00e8 implica aquest concepte des del punt de vista t\u00e8cnic, funcional i normatiu? En aquest article abordem qu\u00e8 defineix un ingredient com a \u201cactiu\u201d, quins factors en determinen l\u2019efic\u00e0cia [&hellip;]<\/p>\n","protected":false},"author":2,"featured_media":2224,"comment_status":"closed","ping_status":"closed","sticky":false,"template":"","format":"standard","meta":{"_acf_changed":false,"_et_pb_use_builder":"","_et_pb_old_content":"","_et_gb_content_width":"","inline_featured_image":false,"footnotes":""},"categories":[22],"tags":[],"class_list":["post-2229","post","type-post","status-publish","format-standard","has-post-thumbnail","hentry","category-cosmetica-ca"],"acf":[],"yoast_head":"<!-- This site is optimized with the Yoast SEO plugin v27.5 - https:\/\/yoast.com\/product\/yoast-seo-wordpress\/ -->\n<title>Qu\u00e8 hi ha darrere d&#039;un ingredient actiu? Del cultiu a l&#039;evid\u00e8ncia funcional<\/title>\n<meta name=\"description\" content=\"En el m\u00f3n de la cosm\u00e8tica, la nutrici\u00f3 i la deterg\u00e8ncia, el terme ingredient actiu s\u2019ha convertit en un reclam habitual. Per\u00f2 sabem realment qu\u00e8 implica aquest concepte des del punt de vista t\u00e8cnic, funcional i normatiu? En aquest article abordem qu\u00e8 defineix un ingredient com a \u201cactiu\u201d, quins factors en determinen l\u2019efic\u00e0cia i qu\u00e8 han de tenir en compte les marques per utilitzar-lo amb rigor i coher\u00e8ncia.\" \/>\n<meta name=\"robots\" content=\"index, follow, max-snippet:-1, max-image-preview:large, max-video-preview:-1\" \/>\n<link rel=\"canonical\" href=\"https:\/\/admixtio.com\/que-hay-detras-de-un-ingrediente-activo-del-cultivo-a-la-evidencia-funcional\/\" \/>\n<meta property=\"og:locale\" content=\"ca_ES\" \/>\n<meta property=\"og:type\" content=\"article\" \/>\n<meta property=\"og:title\" content=\"Qu\u00e8 hi ha darrere d&#039;un ingredient actiu? Del cultiu a l&#039;evid\u00e8ncia funcional\" \/>\n<meta property=\"og:description\" content=\"En el m\u00f3n de la cosm\u00e8tica, la nutrici\u00f3 i la deterg\u00e8ncia, el terme ingredient actiu s\u2019ha convertit en un reclam habitual. Per\u00f2 sabem realment qu\u00e8 implica aquest concepte des del punt de vista t\u00e8cnic, funcional i normatiu? En aquest article abordem qu\u00e8 defineix un ingredient com a \u201cactiu\u201d, quins factors en determinen l\u2019efic\u00e0cia i qu\u00e8 han de tenir en compte les marques per utilitzar-lo amb rigor i coher\u00e8ncia.\" \/>\n<meta property=\"og:url\" content=\"https:\/\/admixtio.com\/que-hay-detras-de-un-ingrediente-activo-del-cultivo-a-la-evidencia-funcional\/\" \/>\n<meta property=\"og:site_name\" content=\"Admixtio\" \/>\n<meta property=\"article:published_time\" content=\"2025-12-04T14:51:43+00:00\" \/>\n<meta property=\"og:image\" content=\"https:\/\/admixtio.com\/wp-content\/uploads\/2025\/12\/ingredientes-activos-web.webp\" \/>\n\t<meta property=\"og:image:width\" content=\"1536\" \/>\n\t<meta property=\"og:image:height\" content=\"1024\" \/>\n\t<meta property=\"og:image:type\" content=\"image\/webp\" \/>\n<meta name=\"author\" content=\"admin-admixtio\" \/>\n<meta name=\"twitter:card\" content=\"summary_large_image\" \/>\n<meta name=\"twitter:label1\" content=\"Escrit per\" \/>\n\t<meta name=\"twitter:data1\" content=\"admin-admixtio\" \/>\n\t<meta name=\"twitter:label2\" content=\"Temps estimat de lectura\" \/>\n\t<meta name=\"twitter:data2\" content=\"3 minuts\" \/>\n<script type=\"application\/ld+json\" class=\"yoast-schema-graph\">{\"@context\":\"https:\\\/\\\/schema.org\",\"@graph\":[{\"@type\":\"Article\",\"@id\":\"https:\\\/\\\/admixtio.com\\\/que-hay-detras-de-un-ingrediente-activo-del-cultivo-a-la-evidencia-funcional\\\/#article\",\"isPartOf\":{\"@id\":\"https:\\\/\\\/admixtio.com\\\/que-hay-detras-de-un-ingrediente-activo-del-cultivo-a-la-evidencia-funcional\\\/\"},\"author\":{\"name\":\"admin-admixtio\",\"@id\":\"https:\\\/\\\/admixtio.com\\\/#\\\/schema\\\/person\\\/c508f7f8349a72cd2d4193bd659fed83\"},\"headline\":\"Qu\u00e8 hi ha darrere d&#8217;un ingredient actiu? Del cultiu a l&#8217;evid\u00e8ncia funcional\",\"datePublished\":\"2025-12-04T14:51:43+00:00\",\"mainEntityOfPage\":{\"@id\":\"https:\\\/\\\/admixtio.com\\\/que-hay-detras-de-un-ingrediente-activo-del-cultivo-a-la-evidencia-funcional\\\/\"},\"wordCount\":665,\"image\":{\"@id\":\"https:\\\/\\\/admixtio.com\\\/que-hay-detras-de-un-ingrediente-activo-del-cultivo-a-la-evidencia-funcional\\\/#primaryimage\"},\"thumbnailUrl\":\"https:\\\/\\\/admixtio.com\\\/wp-content\\\/uploads\\\/2025\\\/12\\\/ingredientes-activos-web.webp\",\"articleSection\":[\"Cosm\u00e8tica\"],\"inLanguage\":\"ca\"},{\"@type\":\"WebPage\",\"@id\":\"https:\\\/\\\/admixtio.com\\\/que-hay-detras-de-un-ingrediente-activo-del-cultivo-a-la-evidencia-funcional\\\/\",\"url\":\"https:\\\/\\\/admixtio.com\\\/que-hay-detras-de-un-ingrediente-activo-del-cultivo-a-la-evidencia-funcional\\\/\",\"name\":\"Qu\u00e8 hi ha darrere d'un ingredient actiu? Del cultiu a l'evid\u00e8ncia funcional\",\"isPartOf\":{\"@id\":\"https:\\\/\\\/admixtio.com\\\/#website\"},\"primaryImageOfPage\":{\"@id\":\"https:\\\/\\\/admixtio.com\\\/que-hay-detras-de-un-ingrediente-activo-del-cultivo-a-la-evidencia-funcional\\\/#primaryimage\"},\"image\":{\"@id\":\"https:\\\/\\\/admixtio.com\\\/que-hay-detras-de-un-ingrediente-activo-del-cultivo-a-la-evidencia-funcional\\\/#primaryimage\"},\"thumbnailUrl\":\"https:\\\/\\\/admixtio.com\\\/wp-content\\\/uploads\\\/2025\\\/12\\\/ingredientes-activos-web.webp\",\"datePublished\":\"2025-12-04T14:51:43+00:00\",\"author\":{\"@id\":\"https:\\\/\\\/admixtio.com\\\/#\\\/schema\\\/person\\\/c508f7f8349a72cd2d4193bd659fed83\"},\"description\":\"En el m\u00f3n de la cosm\u00e8tica, la nutrici\u00f3 i la deterg\u00e8ncia, el terme ingredient actiu s\u2019ha convertit en un reclam habitual. Per\u00f2 sabem realment qu\u00e8 implica aquest concepte des del punt de vista t\u00e8cnic, funcional i normatiu? En aquest article abordem qu\u00e8 defineix un ingredient com a \u201cactiu\u201d, quins factors en determinen l\u2019efic\u00e0cia i qu\u00e8 han de tenir en compte les marques per utilitzar-lo amb rigor i coher\u00e8ncia.\",\"breadcrumb\":{\"@id\":\"https:\\\/\\\/admixtio.com\\\/que-hay-detras-de-un-ingrediente-activo-del-cultivo-a-la-evidencia-funcional\\\/#breadcrumb\"},\"inLanguage\":\"ca\",\"potentialAction\":[{\"@type\":\"ReadAction\",\"target\":[\"https:\\\/\\\/admixtio.com\\\/que-hay-detras-de-un-ingrediente-activo-del-cultivo-a-la-evidencia-funcional\\\/\"]}]},{\"@type\":\"ImageObject\",\"inLanguage\":\"ca\",\"@id\":\"https:\\\/\\\/admixtio.com\\\/que-hay-detras-de-un-ingrediente-activo-del-cultivo-a-la-evidencia-funcional\\\/#primaryimage\",\"url\":\"https:\\\/\\\/admixtio.com\\\/wp-content\\\/uploads\\\/2025\\\/12\\\/ingredientes-activos-web.webp\",\"contentUrl\":\"https:\\\/\\\/admixtio.com\\\/wp-content\\\/uploads\\\/2025\\\/12\\\/ingredientes-activos-web.webp\",\"width\":1536,\"height\":1024},{\"@type\":\"BreadcrumbList\",\"@id\":\"https:\\\/\\\/admixtio.com\\\/que-hay-detras-de-un-ingrediente-activo-del-cultivo-a-la-evidencia-funcional\\\/#breadcrumb\",\"itemListElement\":[{\"@type\":\"ListItem\",\"position\":1,\"name\":\"Portada\",\"item\":\"https:\\\/\\\/admixtio.com\\\/\"},{\"@type\":\"ListItem\",\"position\":2,\"name\":\"Qu\u00e8 hi ha darrere d&#8217;un ingredient actiu? Del cultiu a l&#8217;evid\u00e8ncia funcional\"}]},{\"@type\":\"WebSite\",\"@id\":\"https:\\\/\\\/admixtio.com\\\/#website\",\"url\":\"https:\\\/\\\/admixtio.com\\\/\",\"name\":\"Admixtio\",\"description\":\"La Consultor\u00eda de Ingredientes\",\"potentialAction\":[{\"@type\":\"SearchAction\",\"target\":{\"@type\":\"EntryPoint\",\"urlTemplate\":\"https:\\\/\\\/admixtio.com\\\/?s={search_term_string}\"},\"query-input\":{\"@type\":\"PropertyValueSpecification\",\"valueRequired\":true,\"valueName\":\"search_term_string\"}}],\"inLanguage\":\"ca\"},{\"@type\":\"Person\",\"@id\":\"https:\\\/\\\/admixtio.com\\\/#\\\/schema\\\/person\\\/c508f7f8349a72cd2d4193bd659fed83\",\"name\":\"admin-admixtio\",\"image\":{\"@type\":\"ImageObject\",\"inLanguage\":\"ca\",\"@id\":\"https:\\\/\\\/secure.gravatar.com\\\/avatar\\\/1de30f0b9b5f921e20d528d07fdd83aa1511a61febc9225f6584e1d3c0c2863b?s=96&d=mm&r=g\",\"url\":\"https:\\\/\\\/secure.gravatar.com\\\/avatar\\\/1de30f0b9b5f921e20d528d07fdd83aa1511a61febc9225f6584e1d3c0c2863b?s=96&d=mm&r=g\",\"contentUrl\":\"https:\\\/\\\/secure.gravatar.com\\\/avatar\\\/1de30f0b9b5f921e20d528d07fdd83aa1511a61febc9225f6584e1d3c0c2863b?s=96&d=mm&r=g\",\"caption\":\"admin-admixtio\"},\"url\":\"https:\\\/\\\/admixtio.com\\\/ca\\\/author\\\/admin-admixtio\\\/\"}]}<\/script>\n<!-- \/ Yoast SEO plugin. -->","yoast_head_json":{"title":"Qu\u00e8 hi ha darrere d'un ingredient actiu? Del cultiu a l'evid\u00e8ncia funcional","description":"En el m\u00f3n de la cosm\u00e8tica, la nutrici\u00f3 i la deterg\u00e8ncia, el terme ingredient actiu s\u2019ha convertit en un reclam habitual. Per\u00f2 sabem realment qu\u00e8 implica aquest concepte des del punt de vista t\u00e8cnic, funcional i normatiu? En aquest article abordem qu\u00e8 defineix un ingredient com a \u201cactiu\u201d, quins factors en determinen l\u2019efic\u00e0cia i qu\u00e8 han de tenir en compte les marques per utilitzar-lo amb rigor i coher\u00e8ncia.","robots":{"index":"index","follow":"follow","max-snippet":"max-snippet:-1","max-image-preview":"max-image-preview:large","max-video-preview":"max-video-preview:-1"},"canonical":"https:\/\/admixtio.com\/que-hay-detras-de-un-ingrediente-activo-del-cultivo-a-la-evidencia-funcional\/","og_locale":"ca_ES","og_type":"article","og_title":"Qu\u00e8 hi ha darrere d'un ingredient actiu? Del cultiu a l'evid\u00e8ncia funcional","og_description":"En el m\u00f3n de la cosm\u00e8tica, la nutrici\u00f3 i la deterg\u00e8ncia, el terme ingredient actiu s\u2019ha convertit en un reclam habitual. Per\u00f2 sabem realment qu\u00e8 implica aquest concepte des del punt de vista t\u00e8cnic, funcional i normatiu? En aquest article abordem qu\u00e8 defineix un ingredient com a \u201cactiu\u201d, quins factors en determinen l\u2019efic\u00e0cia i qu\u00e8 han de tenir en compte les marques per utilitzar-lo amb rigor i coher\u00e8ncia.","og_url":"https:\/\/admixtio.com\/que-hay-detras-de-un-ingrediente-activo-del-cultivo-a-la-evidencia-funcional\/","og_site_name":"Admixtio","article_published_time":"2025-12-04T14:51:43+00:00","og_image":[{"width":1536,"height":1024,"url":"https:\/\/admixtio.com\/wp-content\/uploads\/2025\/12\/ingredientes-activos-web.webp","type":"image\/webp"}],"author":"admin-admixtio","twitter_card":"summary_large_image","twitter_misc":{"Escrit per":"admin-admixtio","Temps estimat de lectura":"3 minuts"},"schema":{"@context":"https:\/\/schema.org","@graph":[{"@type":"Article","@id":"https:\/\/admixtio.com\/que-hay-detras-de-un-ingrediente-activo-del-cultivo-a-la-evidencia-funcional\/#article","isPartOf":{"@id":"https:\/\/admixtio.com\/que-hay-detras-de-un-ingrediente-activo-del-cultivo-a-la-evidencia-funcional\/"},"author":{"name":"admin-admixtio","@id":"https:\/\/admixtio.com\/#\/schema\/person\/c508f7f8349a72cd2d4193bd659fed83"},"headline":"Qu\u00e8 hi ha darrere d&#8217;un ingredient actiu? Del cultiu a l&#8217;evid\u00e8ncia funcional","datePublished":"2025-12-04T14:51:43+00:00","mainEntityOfPage":{"@id":"https:\/\/admixtio.com\/que-hay-detras-de-un-ingrediente-activo-del-cultivo-a-la-evidencia-funcional\/"},"wordCount":665,"image":{"@id":"https:\/\/admixtio.com\/que-hay-detras-de-un-ingrediente-activo-del-cultivo-a-la-evidencia-funcional\/#primaryimage"},"thumbnailUrl":"https:\/\/admixtio.com\/wp-content\/uploads\/2025\/12\/ingredientes-activos-web.webp","articleSection":["Cosm\u00e8tica"],"inLanguage":"ca"},{"@type":"WebPage","@id":"https:\/\/admixtio.com\/que-hay-detras-de-un-ingrediente-activo-del-cultivo-a-la-evidencia-funcional\/","url":"https:\/\/admixtio.com\/que-hay-detras-de-un-ingrediente-activo-del-cultivo-a-la-evidencia-funcional\/","name":"Qu\u00e8 hi ha darrere d'un ingredient actiu? Del cultiu a l'evid\u00e8ncia funcional","isPartOf":{"@id":"https:\/\/admixtio.com\/#website"},"primaryImageOfPage":{"@id":"https:\/\/admixtio.com\/que-hay-detras-de-un-ingrediente-activo-del-cultivo-a-la-evidencia-funcional\/#primaryimage"},"image":{"@id":"https:\/\/admixtio.com\/que-hay-detras-de-un-ingrediente-activo-del-cultivo-a-la-evidencia-funcional\/#primaryimage"},"thumbnailUrl":"https:\/\/admixtio.com\/wp-content\/uploads\/2025\/12\/ingredientes-activos-web.webp","datePublished":"2025-12-04T14:51:43+00:00","author":{"@id":"https:\/\/admixtio.com\/#\/schema\/person\/c508f7f8349a72cd2d4193bd659fed83"},"description":"En el m\u00f3n de la cosm\u00e8tica, la nutrici\u00f3 i la deterg\u00e8ncia, el terme ingredient actiu s\u2019ha convertit en un reclam habitual. Per\u00f2 sabem realment qu\u00e8 implica aquest concepte des del punt de vista t\u00e8cnic, funcional i normatiu? En aquest article abordem qu\u00e8 defineix un ingredient com a \u201cactiu\u201d, quins factors en determinen l\u2019efic\u00e0cia i qu\u00e8 han de tenir en compte les marques per utilitzar-lo amb rigor i coher\u00e8ncia.","breadcrumb":{"@id":"https:\/\/admixtio.com\/que-hay-detras-de-un-ingrediente-activo-del-cultivo-a-la-evidencia-funcional\/#breadcrumb"},"inLanguage":"ca","potentialAction":[{"@type":"ReadAction","target":["https:\/\/admixtio.com\/que-hay-detras-de-un-ingrediente-activo-del-cultivo-a-la-evidencia-funcional\/"]}]},{"@type":"ImageObject","inLanguage":"ca","@id":"https:\/\/admixtio.com\/que-hay-detras-de-un-ingrediente-activo-del-cultivo-a-la-evidencia-funcional\/#primaryimage","url":"https:\/\/admixtio.com\/wp-content\/uploads\/2025\/12\/ingredientes-activos-web.webp","contentUrl":"https:\/\/admixtio.com\/wp-content\/uploads\/2025\/12\/ingredientes-activos-web.webp","width":1536,"height":1024},{"@type":"BreadcrumbList","@id":"https:\/\/admixtio.com\/que-hay-detras-de-un-ingrediente-activo-del-cultivo-a-la-evidencia-funcional\/#breadcrumb","itemListElement":[{"@type":"ListItem","position":1,"name":"Portada","item":"https:\/\/admixtio.com\/"},{"@type":"ListItem","position":2,"name":"Qu\u00e8 hi ha darrere d&#8217;un ingredient actiu? Del cultiu a l&#8217;evid\u00e8ncia funcional"}]},{"@type":"WebSite","@id":"https:\/\/admixtio.com\/#website","url":"https:\/\/admixtio.com\/","name":"Admixtio","description":"La Consultor\u00eda de Ingredientes","potentialAction":[{"@type":"SearchAction","target":{"@type":"EntryPoint","urlTemplate":"https:\/\/admixtio.com\/?s={search_term_string}"},"query-input":{"@type":"PropertyValueSpecification","valueRequired":true,"valueName":"search_term_string"}}],"inLanguage":"ca"},{"@type":"Person","@id":"https:\/\/admixtio.com\/#\/schema\/person\/c508f7f8349a72cd2d4193bd659fed83","name":"admin-admixtio","image":{"@type":"ImageObject","inLanguage":"ca","@id":"https:\/\/secure.gravatar.com\/avatar\/1de30f0b9b5f921e20d528d07fdd83aa1511a61febc9225f6584e1d3c0c2863b?s=96&d=mm&r=g","url":"https:\/\/secure.gravatar.com\/avatar\/1de30f0b9b5f921e20d528d07fdd83aa1511a61febc9225f6584e1d3c0c2863b?s=96&d=mm&r=g","contentUrl":"https:\/\/secure.gravatar.com\/avatar\/1de30f0b9b5f921e20d528d07fdd83aa1511a61febc9225f6584e1d3c0c2863b?s=96&d=mm&r=g","caption":"admin-admixtio"},"url":"https:\/\/admixtio.com\/ca\/author\/admin-admixtio\/"}]}},"_links":{"self":[{"href":"https:\/\/admixtio.com\/ca\/wp-json\/wp\/v2\/posts\/2229","targetHints":{"allow":["GET"]}}],"collection":[{"href":"https:\/\/admixtio.com\/ca\/wp-json\/wp\/v2\/posts"}],"about":[{"href":"https:\/\/admixtio.com\/ca\/wp-json\/wp\/v2\/types\/post"}],"author":[{"embeddable":true,"href":"https:\/\/admixtio.com\/ca\/wp-json\/wp\/v2\/users\/2"}],"replies":[{"embeddable":true,"href":"https:\/\/admixtio.com\/ca\/wp-json\/wp\/v2\/comments?post=2229"}],"version-history":[{"count":0,"href":"https:\/\/admixtio.com\/ca\/wp-json\/wp\/v2\/posts\/2229\/revisions"}],"wp:featuredmedia":[{"embeddable":true,"href":"https:\/\/admixtio.com\/ca\/wp-json\/wp\/v2\/media\/2224"}],"wp:attachment":[{"href":"https:\/\/admixtio.com\/ca\/wp-json\/wp\/v2\/media?parent=2229"}],"wp:term":[{"taxonomy":"category","embeddable":true,"href":"https:\/\/admixtio.com\/ca\/wp-json\/wp\/v2\/categories?post=2229"},{"taxonomy":"post_tag","embeddable":true,"href":"https:\/\/admixtio.com\/ca\/wp-json\/wp\/v2\/tags?post=2229"}],"curies":[{"name":"wp","href":"https:\/\/api.w.org\/{rel}","templated":true}]}}